{"id":6001,"date":"2021-05-05T13:23:00","date_gmt":"2021-05-05T11:23:00","guid":{"rendered":"https:\/\/kobudo-tesshinkan.eu\/?p=6001"},"modified":"2021-05-22T11:28:29","modified_gmt":"2021-05-22T09:28:29","slug":"trauer-um-fernando-antonio-bastos-neto","status":"publish","type":"post","link":"https:\/\/kobudo-tesshinkan.eu\/index.php\/de\/trauer-um-fernando-antonio-bastos-neto\/","title":{"rendered":"Trauer um Fernando Ant\u00f4nio Bastos Neto"},"content":{"rendered":"\n<div class=\"wp-block-columns is-layout-flex wp-container-core-columns-is-layout-1 wp-block-columns-is-layout-flex\">\n<div class=\"wp-block-column is-layout-flow wp-block-column-is-layout-flow\" style=\"flex-basis:33.33%\">\n<figure class=\"wp-block-image size-large\"><a href=\"https:\/\/kobudo-tesshinkan.eu\/wp-content\/uploads\/2021\/05\/2021_05_05_Fernando_Bastos.jpg\"><img loading=\"lazy\" decoding=\"async\" width=\"541\" height=\"1024\" src=\"https:\/\/kobudo-tesshinkan.eu\/wp-content\/uploads\/2021\/05\/2021_05_05_Fernando_Bastos-541x1024.jpg\" alt=\"\" class=\"wp-image-6002\"\/><\/a><\/figure>\n<\/div>\n\n\n\n<div class=\"wp-block-column is-layout-flow wp-block-column-is-layout-flow\" style=\"flex-basis:66.66%\">\n<p>Liebe Mitglieder unserer Tesshinkan Familie,<\/p>\n\n\n\n<p>mit gro\u00dfer Trauer und Best\u00fcrzung erhielt ich heute die Nachricht, dass unser Freund Fernando Ant\u00f4nio Bastos Neto aus Brasilien dem Covid-19 Virus erlegen ist.<\/p>\n\n\n\n<p>Fernando Sensei war 5. Dan Karate Sh\u00f4t\u00f4kan und 3. Dan Karate G\u00f4j\u00fb-Ry\u00fb. Er organisierte im Jahr 2019 das erste Tesshinkan-Seminar in Brasilien und damit in Lateinamerika, wozu er mich als Dozent eingeladen hatte.<\/p>\n\n\n\n<p>Ich habe Fernando Sensei als echten Kampfkunstmeister kennengelernt, der mit viel Liebe und Engagement daran gearbeitet hat, unsere Kunst zu verbreiten. Er brachte den Tesshinkan Kobud\u00f4 nach Brasilien.<\/p>\n\n\n\n<p>Sein Tod ist ein gro\u00dfer Verlust f\u00fcr die Kampfkunstgemeinschaft.&nbsp;<\/p>\n\n\n\n<p>Ich verneige mich vor ihm und werde ihn immer in Erinnerung behalten.<\/p>\n\n\n\n<p>Bitte haltet auch Ihr einen Moment inne.<\/p>\n\n\n\n<p>Bitte bleibt alle gesund und gebt niemals die Hoffnung auf.<\/p>\n\n\n\n<p>Alles Gute f\u00fcr Euch und Eure Familien.<\/p>\n\n\n\n<p>Yoroshiku onegaishimasu<\/p>\n\n\n\n<p>Frank Pelny<\/p>\n<\/div>\n<\/div>\n\n\n\n<hr class=\"wp-block-separator\"\/>\n\n\n\n<div class=\"wp-block-columns is-layout-flex wp-container-core-columns-is-layout-2 wp-block-columns-is-layout-flex\">\n<div class=\"wp-block-column is-layout-flow wp-block-column-is-layout-flow\" style=\"flex-basis:66.66%\">\n<p><\/p>\n\n\n\n<p>Unser Verbandspr\u00e4sident Tamayose Hidemi (10. Dan) sandte aus Okinawa folgende Worte und stellte ein Bild von Fernando Neto Sensei in seinem D\u00f4j\u00f4 auf:<\/p>\n\n\n\n<p><br><em>&#8222;Ich m\u00f6chte mein tiefstes Mitgef\u00fchl f\u00fcr den Tod von Herrn Fernando Ant\u00f4nio Bastos Neto ausdr\u00fccken. Er war ein wirklich guter Karate-Ka und wir sind stolz darauf, ihn unter unseren Tesshinkan-Mitgliedern zu haben. Bitte sprechen Sie seiner Familie unser aufrichtiges Beileid aus.\u201c<\/em><\/p>\n<\/div>\n\n\n\n<div class=\"wp-block-column is-layout-flow wp-block-column-is-layout-flow\" style=\"flex-basis:33.33%\">\n<figure class=\"wp-block-image size-large is-resized\"><a href=\"https:\/\/kobudo-tesshinkan.eu\/wp-content\/uploads\/2021\/05\/Tamayose_1.jpg\"><img loading=\"lazy\" decoding=\"async\" src=\"https:\/\/kobudo-tesshinkan.eu\/wp-content\/uploads\/2021\/05\/Tamayose_1.jpg\" alt=\"\" class=\"wp-image-6013\" width=\"282\" height=\"224\" srcset=\"https:\/\/kobudo-tesshinkan.eu\/wp-content\/uploads\/2021\/05\/Tamayose_1.jpg 1023w, https:\/\/kobudo-tesshinkan.eu\/wp-content\/uploads\/2021\/05\/Tamayose_1-768x614.jpg 768w\" sizes=\"(max-width: 282px) 100vw, 282px\" \/><\/a><figcaption>Sensei Tamayose Hidemi (10. Dan)<\/figcaption><\/figure>\n<\/div>\n<\/div>\n\n\n\n<p><\/p>\n","protected":false},"excerpt":{"rendered":"<p>Liebe Mitglieder unserer Tesshinkan Familie, mit gro\u00dfer Trauer und Best\u00fcrzung erhielt ich heute die Nachricht, dass unser Freund Fernando Ant\u00f4nio Bastos Neto aus Brasilien dem Covid-19 Virus erlegen ist. Fernando Sensei war 5. Dan Karate Sh\u00f4t\u00f4kan und 3. Dan Karate G\u00f4j\u00fb-Ry\u00fb. Er organisierte im Jahr 2019 das erste Tesshinkan-Seminar in Brasilien und damit in Lateinamerika, &#8230; <a title=\"Trauer um Fernando Ant\u00f4nio Bastos Neto\" class=\"read-more\" href=\"https:\/\/kobudo-tesshinkan.eu\/index.php\/de\/trauer-um-fernando-antonio-bastos-neto\/\" aria-label=\"Mehr Informationen \u00fcber Trauer um Fernando Ant\u00f4nio Bastos Neto\">Weiterlesen<\/a><\/p>\n","protected":false},"author":4,"featured_media":0,"comment_status":"closed","ping_status":"closed","sticky":false,"template":"","format":"standard","meta":{"footnotes":""},"categories":[66],"tags":[],"_links":{"self":[{"href":"https:\/\/kobudo-tesshinkan.eu\/index.php\/wp-json\/wp\/v2\/posts\/6001"}],"collection":[{"href":"https:\/\/kobudo-tesshinkan.eu\/index.php\/wp-json\/wp\/v2\/posts"}],"about":[{"href":"https:\/\/kobudo-tesshinkan.eu\/index.php\/wp-json\/wp\/v2\/types\/post"}],"author":[{"embeddable":true,"href":"https:\/\/kobudo-tesshinkan.eu\/index.php\/wp-json\/wp\/v2\/users\/4"}],"replies":[{"embeddable":true,"href":"https:\/\/kobudo-tesshinkan.eu\/index.php\/wp-json\/wp\/v2\/comments?post=6001"}],"version-history":[{"count":4,"href":"https:\/\/kobudo-tesshinkan.eu\/index.php\/wp-json\/wp\/v2\/posts\/6001\/revisions"}],"predecessor-version":[{"id":6014,"href":"https:\/\/kobudo-tesshinkan.eu\/index.php\/wp-json\/wp\/v2\/posts\/6001\/revisions\/6014"}],"wp:attachment":[{"href":"https:\/\/kobudo-tesshinkan.eu\/index.php\/wp-json\/wp\/v2\/media?parent=6001"}],"wp:term":[{"taxonomy":"category","embeddable":true,"href":"https:\/\/kobudo-tesshinkan.eu\/index.php\/wp-json\/wp\/v2\/categories?post=6001"},{"taxonomy":"post_tag","embeddable":true,"href":"https:\/\/kobudo-tesshinkan.eu\/index.php\/wp-json\/wp\/v2\/tags?post=6001"}],"curies":[{"name":"wp","href":"https:\/\/api.w.org\/{rel}","templated":true}]}}